{"id":29629,"date":"2024-10-01T15:36:00","date_gmt":"2024-10-01T15:36:00","guid":{"rendered":"http:\/\/www.rovensanext-latam.com\/?p=29629"},"modified":"2024-10-01T15:36:00","modified_gmt":"2024-10-01T15:36:00","slug":"rovensa-next-nombra-a-riccardo-vanelli-como-director-comercial","status":"publish","type":"post","link":"https:\/\/www.rovensanext-latam.com\/es-cl\/noticias\/rovensa-next-nombra-a-riccardo-vanelli-como-director-comercial\/","title":{"rendered":"Rovensa Next nombra a Riccardo Vanelli como Director Comercial"},"content":{"rendered":"<p><span class=\"TextRun SCXW142420613 BCX0\" lang=\"EN-GB\" xml:lang=\"EN-GB\" data-contrast=\"none\"><strong><span class=\"NormalTextRun SCXW142420613 BCX0\" data-ccp-parastyle=\"x_msonormal\"><span>Chile <\/span><\/span><span class=\"NormalTextRun SCXW142420613 BCX0\" data-ccp-parastyle=\"x_msonormal\"><span>,\u00a0<\/span><\/span><span class=\"NormalTextRun SCXW142420613 BCX0\" data-ccp-parastyle=\"x_msonormal\"><span>1\u00a0<\/span><\/span><span class=\"NormalTextRun SCXW142420613 BCX0\" data-ccp-parastyle=\"x_msonormal\"><span>de octubre\u00a0<\/span><\/span><span><span class=\"NormalTextRun SCXW142420613 BCX0\" data-ccp-parastyle=\"x_msonormal\">de\u00a0<\/span><\/span><span class=\"NormalTextRun SCXW142420613 BCX0\" data-ccp-parastyle=\"x_msonormal\"><span>2024<\/span><\/span><\/strong><span class=\"NormalTextRun SCXW142420613 BCX0\" data-ccp-parastyle=\"x_msonormal\"><span>\u00a0\u2013\u00a0<\/span><\/span><span class=\"NormalTextRun SCXW142420613 BCX0\" data-ccp-parastyle=\"x_msonormal\"><span>Rovensa Next, la\u00a0<\/span><\/span><span><span class=\"NormalTextRun SCXW142420613 BCX0\" data-ccp-parastyle=\"x_msonormal\">unidad de negocio\u00a0<\/span><\/span><span class=\"NormalTextRun SCXW142420613 BCX0\" data-ccp-parastyle=\"x_msonormal\"><span>global de\u00a0<\/span><\/span><span class=\"NormalTextRun SpellingErrorV2Themed SCXW142420613 BCX0\" data-ccp-parastyle=\"x_msonormal\"><span>biosoluciones del\u00a0<\/span><\/span><span><span class=\"NormalTextRun SCXW142420613 BCX0\" data-ccp-parastyle=\"x_msonormal\"><a href=\"https:\/\/careers.rovensa.com\/\">Grupo Rovensa<\/a><\/span><span class=\"NormalTextRun SCXW142420613 BCX0\" data-ccp-parastyle=\"x_msonormal\">\u00a0,\u00a0<\/span><span class=\"NormalTextRun SCXW142420613 BCX0\" data-ccp-parastyle=\"x_msonormal\">refuerza\u00a0<\/span><span class=\"NormalTextRun SCXW142420613 BCX0\" data-ccp-parastyle=\"x_msonormal\">su liderazgo\u00a0<\/span><span class=\"NormalTextRun SCXW142420613 BCX0\" data-ccp-parastyle=\"x_msonormal\">con el nombramiento de\u00a0<\/span><span class=\"NormalTextRun SCXW142420613 BCX0\" data-ccp-parastyle=\"x_msonormal\"><strong>R<\/strong><\/span><strong><span class=\"NormalTextRun SCXW142420613 BCX0\" data-ccp-parastyle=\"x_msonormal\">iccardo Vanelli\u00a0<\/span><\/strong><strong><span class=\"NormalTextRun SCXW142420613 BCX0\" data-ccp-parastyle=\"x_msonormal\">como\u00a0<\/span><\/strong><strong><span class=\"NormalTextRun SCXW142420613 BCX0\" data-ccp-parastyle=\"x_msonormal\">Director\u00a0<\/span><\/strong><strong><span class=\"NormalTextRun SCXW142420613 BCX0\" data-ccp-parastyle=\"x_msonormal\">Comercial<\/span><\/strong><span class=\"NormalTextRun SCXW142420613 BCX0\" data-ccp-parastyle=\"x_msonormal\">\u00a0.<\/span><\/span><strong>\u00a0<\/strong><\/span><span class=\"EOP SCXW142420613 BCX0\" data-ccp-props=\"{&quot;201341983&quot;:0,&quot;335551550&quot;:6,&quot;335551620&quot;:6,&quot;335559685&quot;:284,&quot;335559740&quot;:360}\">\u00a0<\/span><\/p>\n<p><span data-contrast=\"none\">Vanelli, que se incorpor\u00f3 a Rovensa Next en marzo como responsable de EMEA, ha sido nombrado CCO para reforzar la presencia comercial de la empresa mediante el establecimiento de relaciones estrechas con clientes, distribuidores y productores, ofreciendo al mismo tiempo un apoyo \u00f3ptimo para mejorar su productividad y resolver sus retos de sostenibilidad. Esto incluye proporcionar\u00a0<\/span><span data-contrast=\"none\">herramientas esenciales para dar forma a la agricultura del futuro, garantizar la producci\u00f3n y ayudar a las empresas a ser lo m\u00e1s sostenibles posible, protegiendo al mismo tiempo el medio ambiente.<\/span><span data-ccp-props=\"{&quot;201341983&quot;:0,&quot;335551550&quot;:6,&quot;335551620&quot;:6,&quot;335559685&quot;:284,&quot;335559740&quot;:360}\">\u00a0<\/span><\/p>\n<p><i><span data-contrast=\"none\">\u201cEn Rovensa Next, tenemos un compromiso con la sostenibilidad en la industria alimentaria, que est\u00e1 intr\u00ednsecamente ligado a nuestra ambici\u00f3n de convertirnos en el l\u00edder mundial de confianza en biosoluciones para la agricultura sostenible<\/span><\/i><span data-contrast=\"none\">\u00a0\u201d, afirm\u00f3 Riccardo Vanelli, CCO de Rovensa Next. Para ello,\u00a0<\/span><i><span data-contrast=\"none\">\u201cdisponemos de una plataforma global integral de biosoluciones para todo tipo de cultivos, desde la semilla hasta la comercializaci\u00f3n, dise\u00f1ada para satisfacer las necesidades actuales y futuras de los productores\u201d,<\/span><\/i><span data-contrast=\"none\">\u00a0a\u00f1adi\u00f3 Vanelli.<\/span><span data-ccp-props=\"{&quot;201341983&quot;:0,&quot;335551550&quot;:6,&quot;335551620&quot;:6,&quot;335559685&quot;:284,&quot;335559738&quot;:100,&quot;335559739&quot;:200,&quot;335559740&quot;:360}\">\u00a0<\/span><\/p>\n<p><span data-contrast=\"none\">En este sentido,\u00a0<\/span><i><span data-contrast=\"none\">\u201clas biosoluciones son estrategias combinadas que abren un nuevo camino en la gesti\u00f3n de los cultivos en t\u00e9rminos de sostenibilidad\u201d,<\/span><\/i><span data-contrast=\"none\">\u00a0afirm\u00f3 Riccardo Vanelli, y agreg\u00f3 que \u201c\u00a0<\/span><i><span data-contrast=\"none\">gracias al amplio portafolio de biosoluciones de Rovensa Next, que incluye productos de biocontrol, bioestimulantes, biofertilizantes y adyuvantes, nuestros productos pueden proporcionar un impacto positivo en la gesti\u00f3n del clima, el suelo y el agua, entre otras \u00e1reas, con base en evidencia cient\u00edfica\u201d,<\/span><\/i><span data-contrast=\"none\">\u00a0concluy\u00f3 Vanelli.\u00a0<\/span><span data-ccp-props=\"{&quot;201341983&quot;:0,&quot;335551550&quot;:6,&quot;335551620&quot;:6,&quot;335559685&quot;:284,&quot;335559738&quot;:100,&quot;335559739&quot;:200,&quot;335559740&quot;:360}\">\u00a0<\/span><\/p>\n<p><span data-contrast=\"none\">Vanelli cuenta con 20 a\u00f1os de experiencia en el sector agr\u00edcola. Comenz\u00f3 su carrera en la consultor\u00eda de gesti\u00f3n de Accenture, especializ\u00e1ndose en la reingenier\u00eda de procesos de negocio y la gesti\u00f3n del cambio. M\u00e1s tarde, pas\u00f3 a Syngenta como responsable de la unidad de negocio de productos biol\u00f3gicos para Europa, \u00c1frica y Oriente Medio, tras ocupar anteriormente el cargo de responsable de la unidad de negocio de protecci\u00f3n de cultivos y director general de Italia.\u00a0<\/span><span data-contrast=\"none\">El pensamiento estrat\u00e9gico de Riccardo y sus habilidades en organizaci\u00f3n, operaciones y ventas le llevaron a liderar la integraci\u00f3n regional de Valagro en Syngenta, donde se desempe\u00f1\u00f3 como presidente en su \u00faltimo a\u00f1o. Entre otras funciones, tambi\u00e9n ha presidido la Asociaci\u00f3n de la Industria de Protecci\u00f3n de Cultivos en Italia y ha sido presidente de Agrofarma. En este nuevo puesto, como director comercial, Vanelli asume un reto apasionante, dada la presencia global de Rovensa Next y su amplia red de ventas en m\u00e1s de 90 pa\u00edses.<\/span><span data-ccp-props=\"{&quot;201341983&quot;:0,&quot;335551550&quot;:6,&quot;335551620&quot;:6,&quot;335559685&quot;:284,&quot;335559740&quot;:360}\">\u00a0<\/span><\/p>\n<p>&nbsp;<\/p>\n<h3><b><span data-contrast=\"auto\">Acerca de Rovensa Next<\/span><\/b><span data-ccp-props=\"{&quot;201341983&quot;:0,&quot;335551550&quot;:6,&quot;335551620&quot;:6,&quot;335559685&quot;:284,&quot;335559740&quot;:360}\">\u00a0<\/span><\/h3>\n<p><i><span data-contrast=\"auto\">Rovensa Next es la unidad de negocio global de biosoluciones del Grupo Rovensa. Gracias a su s\u00f3lida y hol\u00edstica cartera, Rovensa Next tiene como objetivo dar forma a un futuro sostenible para la agricultura e impulsar su biotransformaci\u00f3n.<\/span><\/i><span data-ccp-props=\"{&quot;134233118&quot;:true,&quot;335551550&quot;:6,&quot;335551620&quot;:6,&quot;335559685&quot;:284}\">\u00a0<\/span><\/p>\n<p><i><span data-contrast=\"auto\">La unidad de negocio est\u00e1 formada por m\u00e1s de 2.000 empleados en todo el mundo y tiene presencia comercial en m\u00e1s de 90 pa\u00edses. El compromiso de Rovensa Next con la sostenibilidad, la innovaci\u00f3n y la experiencia t\u00e9cnica ha creado una red global de 27 laboratorios de I+D, centros de excelencia, campos e invernaderos; 13 plantas de producci\u00f3n; m\u00e1s de 80 asociaciones con centros de investigaci\u00f3n y universidades; y un equipo especializado de m\u00e1s de 850 expertos de campo.\u00a0<\/span><\/i><span data-ccp-props=\"{&quot;134233118&quot;:true,&quot;335551550&quot;:6,&quot;335551620&quot;:6,&quot;335559685&quot;:284}\">\u00a0<\/span><\/p>\n<p><i><span data-contrast=\"auto\">Rovensa Next es la unidad de negocio que agrupa a doce empresas pioneras y sostenibles del Grupo Rovensa: Agrichembio, Agro-K, Agrotecnologia, Cosmocel, Idai Nature, Microquimica, MIP Agro, Oro Agri, OGT, Rodel, SDP y Tradecorp, todas ellas con una larga trayectoria en el campo de los bioestimulantes, la bionutrici\u00f3n, el biocontrol y los adyuvantes. En la actualidad, la unidad de negocio opera bajo sus propias marcas: Rovensa Next, Cosmocel y Agro-K.<\/span><\/i><span data-ccp-props=\"{&quot;134233118&quot;:true,&quot;335551550&quot;:6,&quot;335551620&quot;:6,&quot;335559685&quot;:284}\">\u00a0<\/span><\/p>\n<p><i><span data-contrast=\"auto\">Rovensa Next comercializa una cartera de productos equilibrada que ofrece a los productores soluciones integrales para garantizar el rendimiento y el desempe\u00f1o mediante la promoci\u00f3n de\u00a0<\/span><\/i><i><span data-contrast=\"auto\">pr\u00e1cticas agr\u00edcolas sostenibles.<\/span><\/i><span data-ccp-props=\"{&quot;134233118&quot;:true,&quot;335551550&quot;:6,&quot;335551620&quot;:6,&quot;335559685&quot;:284}\">\u00a0<\/span><\/p>\n<p><i><span data-contrast=\"none\">Para obtener m\u00e1s informaci\u00f3n, visite\u00a0<\/span><\/i><a href=\"http:\/\/www.rovensanext-latam.com\/\"><i><span data-contrast=\"none\">www.rovensanext-latam.com<\/span><\/i><i><span data-contrast=\"none\">\u00a0<\/span><\/i><span data-ccp-props=\"{&quot;134233118&quot;:true,&quot;335551550&quot;:6,&quot;335551620&quot;:6,&quot;335559685&quot;:284}\">\u00a0<\/span><\/a><\/p>\n","protected":false},"excerpt":{"rendered":"<p>Vanelli, que se incorpor\u00f3 el pasado mes de marzo como responsable de EMEA, ha sido nombrado director comercial para cumplir la ambici\u00f3n de Rovensa Next de convertirse en el l\u00edder mundial de confianza en biosoluciones para la agricultura sostenible. Con m\u00e1s de 20 a\u00f1os de experiencia al frente de empresas del sector agr\u00edcola, Riccardo Vanelli aporta una amplia experiencia en conocimiento de los negocios y del mercado, pensamiento estrat\u00e9gico, organizaci\u00f3n, gesti\u00f3n del cambio, operaciones y ventas.  <\/p>\n","protected":false},"author":12,"featured_media":29630,"comment_status":"closed","ping_status":"closed","sticky":false,"template":"","format":"standard","meta":{"footnotes":""},"categories":[428,425],"tags":[627,628],"class_list":["post-29629","post","type-post","status-publish","format-standard","has-post-thumbnail","hentry","category-notas-de-prensa","category-noticias","tag-director-comercial","tag-riccardo-vanelli"],"yoast_head":"<!-- This site is optimized with the Yoast SEO plugin v26.3 - https:\/\/yoast.com\/wordpress\/plugins\/seo\/ -->\n<title>Rovensa Next nombra a Riccardo Vanelli como Director Comercial | Rovensa Next Latam -Chile<\/title>\n<meta name=\"description\" content=\"Rovensa Next nombra a Riccardo Vanelli como Director Comercial...\" \/>\n<meta name=\"robots\" content=\"index, follow, max-snippet:-1, max-image-preview:large, max-video-preview:-1\" \/>\n<link rel=\"canonical\" href=\"https:\/\/www.rovensanext-latam.com\/es-cl\/noticias\/rovensa-next-nombra-a-riccardo-vanelli-como-director-comercial\/\" \/>\n<meta property=\"og:locale\" content=\"es_ES\" \/>\n<meta property=\"og:type\" content=\"article\" \/>\n<meta property=\"og:title\" content=\"Rovensa Next nombra a Riccardo Vanelli como Director Comercial | Rovensa Next Latam -Chile\" \/>\n<meta property=\"og:description\" content=\"Rovensa Next nombra a Riccardo Vanelli como Director Comercial...\" \/>\n<meta property=\"og:url\" content=\"https:\/\/www.rovensanext-latam.com\/es-cl\/noticias\/rovensa-next-nombra-a-riccardo-vanelli-como-director-comercial\/\" \/>\n<meta property=\"og:site_name\" content=\"Rovensa Next Latam -Chile\" \/>\n<meta property=\"article:publisher\" content=\"https:\/\/www.facebook.com\/RovensaNext\" \/>\n<meta property=\"article:published_time\" content=\"2024-10-01T15:36:00+00:00\" \/>\n<meta property=\"og:image\" content=\"https:\/\/www.rovensanext-latam.com\/wp-content\/uploads\/2024\/10\/Riccardo-Vanelli-CCO.jpg\" \/>\n\t<meta property=\"og:image:width\" content=\"1024\" \/>\n\t<meta property=\"og:image:height\" content=\"600\" \/>\n\t<meta property=\"og:image:type\" content=\"image\/jpeg\" \/>\n<meta name=\"author\" content=\"Rovensa Next Chile\" \/>\n<meta name=\"twitter:card\" content=\"summary_large_image\" \/>\n<meta name=\"twitter:creator\" content=\"@RovensaNext\" \/>\n<meta name=\"twitter:site\" content=\"@RovensaNext\" \/>\n<meta name=\"twitter:label1\" content=\"Escrito por\" \/>\n\t<meta name=\"twitter:data1\" content=\"Rovensa Next Chile\" \/>\n\t<meta name=\"twitter:label2\" content=\"Tiempo estimado de lectura\" \/>\n\t<meta name=\"twitter:data2\" content=\"4 minutos\" \/>\n<script type=\"application\/ld+json\" class=\"yoast-schema-graph\">{\"@context\":\"https:\/\/schema.org\",\"@graph\":[{\"@type\":\"NewsArticle\",\"@id\":\"https:\/\/www.rovensanext-latam.com\/es-cl\/noticias\/rovensa-next-nombra-a-riccardo-vanelli-como-director-comercial\/#article\",\"isPartOf\":{\"@id\":\"https:\/\/www.rovensanext-latam.com\/es-cl\/noticias\/rovensa-next-nombra-a-riccardo-vanelli-como-director-comercial\/\"},\"author\":{\"name\":\"Rovensa Next Chile\",\"@id\":\"https:\/\/www.rovensanext-latam.com\/es-cl\/#\/schema\/person\/f6800b2bbffea2f484fcdef2665b982a\"},\"headline\":\"Rovensa Next nombra a Riccardo Vanelli como Director Comercial\",\"datePublished\":\"2024-10-01T15:36:00+00:00\",\"mainEntityOfPage\":{\"@id\":\"https:\/\/www.rovensanext-latam.com\/es-cl\/noticias\/rovensa-next-nombra-a-riccardo-vanelli-como-director-comercial\/\"},\"wordCount\":708,\"publisher\":{\"@id\":\"https:\/\/www.rovensanext-latam.com\/es-cl\/#organization\"},\"image\":{\"@id\":\"https:\/\/www.rovensanext-latam.com\/es-cl\/noticias\/rovensa-next-nombra-a-riccardo-vanelli-como-director-comercial\/#primaryimage\"},\"thumbnailUrl\":\"https:\/\/www.rovensanext-latam.com\/wp-content\/uploads\/2024\/10\/Riccardo-Vanelli-CCO.jpg\",\"keywords\":[\"Director Comercial\",\"Riccardo Vanelli\"],\"articleSection\":[\"Notas de Prensa\",\"Noticias\"],\"inLanguage\":\"es-CL\"},{\"@type\":[\"WebPage\",\"ItemPage\"],\"@id\":\"https:\/\/www.rovensanext-latam.com\/es-cl\/noticias\/rovensa-next-nombra-a-riccardo-vanelli-como-director-comercial\/\",\"url\":\"https:\/\/www.rovensanext-latam.com\/es-cl\/noticias\/rovensa-next-nombra-a-riccardo-vanelli-como-director-comercial\/\",\"name\":\"Rovensa Next nombra a Riccardo Vanelli como Director Comercial | Rovensa Next Latam -Chile\",\"isPartOf\":{\"@id\":\"https:\/\/www.rovensanext-latam.com\/es-cl\/#website\"},\"primaryImageOfPage\":{\"@id\":\"https:\/\/www.rovensanext-latam.com\/es-cl\/noticias\/rovensa-next-nombra-a-riccardo-vanelli-como-director-comercial\/#primaryimage\"},\"image\":{\"@id\":\"https:\/\/www.rovensanext-latam.com\/es-cl\/noticias\/rovensa-next-nombra-a-riccardo-vanelli-como-director-comercial\/#primaryimage\"},\"thumbnailUrl\":\"https:\/\/www.rovensanext-latam.com\/wp-content\/uploads\/2024\/10\/Riccardo-Vanelli-CCO.jpg\",\"datePublished\":\"2024-10-01T15:36:00+00:00\",\"description\":\"Rovensa Next nombra a Riccardo Vanelli como Director Comercial...\",\"breadcrumb\":{\"@id\":\"https:\/\/www.rovensanext-latam.com\/es-cl\/noticias\/rovensa-next-nombra-a-riccardo-vanelli-como-director-comercial\/#breadcrumb\"},\"inLanguage\":\"es-CL\",\"potentialAction\":[{\"@type\":\"ReadAction\",\"target\":[\"https:\/\/www.rovensanext-latam.com\/es-cl\/noticias\/rovensa-next-nombra-a-riccardo-vanelli-como-director-comercial\/\"]}]},{\"@type\":\"ImageObject\",\"inLanguage\":\"es-CL\",\"@id\":\"https:\/\/www.rovensanext-latam.com\/es-cl\/noticias\/rovensa-next-nombra-a-riccardo-vanelli-como-director-comercial\/#primaryimage\",\"url\":\"https:\/\/www.rovensanext-latam.com\/wp-content\/uploads\/2024\/10\/Riccardo-Vanelli-CCO.jpg\",\"contentUrl\":\"https:\/\/www.rovensanext-latam.com\/wp-content\/uploads\/2024\/10\/Riccardo-Vanelli-CCO.jpg\",\"width\":1024,\"height\":600,\"caption\":\"Riccardo-Vanelli-CCO\"},{\"@type\":\"BreadcrumbList\",\"@id\":\"https:\/\/www.rovensanext-latam.com\/es-cl\/noticias\/rovensa-next-nombra-a-riccardo-vanelli-como-director-comercial\/#breadcrumb\",\"itemListElement\":[{\"@type\":\"ListItem\",\"position\":1,\"name\":\"Home\",\"item\":\"https:\/\/www.rovensanext-latam.com\/es-cl\/\"},{\"@type\":\"ListItem\",\"position\":2,\"name\":\"Rovensa Next nombra a Riccardo Vanelli como Director Comercial\"}]},{\"@type\":\"WebSite\",\"@id\":\"https:\/\/www.rovensanext-latam.com\/es-cl\/#website\",\"url\":\"https:\/\/www.rovensanext-latam.com\/es-cl\/\",\"name\":\"Rovensa Next Latam - Per\u00fa\",\"description\":\"Pioneros en biosoluciones para una agricultura sostenible.\",\"publisher\":{\"@id\":\"https:\/\/www.rovensanext-latam.com\/es-cl\/#organization\"},\"potentialAction\":[{\"@type\":\"SearchAction\",\"target\":{\"@type\":\"EntryPoint\",\"urlTemplate\":\"https:\/\/www.rovensanext-latam.com\/es-cl\/?s={search_term_string}\"},\"query-input\":{\"@type\":\"PropertyValueSpecification\",\"valueRequired\":true,\"valueName\":\"search_term_string\"}}],\"inLanguage\":\"es-CL\"},{\"@type\":\"Organization\",\"@id\":\"https:\/\/www.rovensanext-latam.com\/es-cl\/#organization\",\"name\":\"Rovensa Next Latam\",\"url\":\"https:\/\/www.rovensanext-latam.com\/es-cl\/\",\"logo\":{\"@type\":\"ImageObject\",\"inLanguage\":\"es-CL\",\"@id\":\"https:\/\/www.rovensanext-latam.com\/es-cl\/#\/schema\/logo\/image\/\",\"url\":\"http:\/\/www.rovensanext-latam.com\/wp-content\/uploads\/2023\/04\/faviconRovensa-3.png\",\"contentUrl\":\"http:\/\/www.rovensanext-latam.com\/wp-content\/uploads\/2023\/04\/faviconRovensa-3.png\",\"width\":512,\"height\":512,\"caption\":\"Rovensa Next Latam\"},\"image\":{\"@id\":\"https:\/\/www.rovensanext-latam.com\/es-cl\/#\/schema\/logo\/image\/\"},\"sameAs\":[\"https:\/\/www.facebook.com\/RovensaNext\",\"https:\/\/x.com\/RovensaNext\",\"https:\/\/www.linkedin.com\/company\/rovensa-next\/about\/\",\"https:\/\/www.youtube.com\/@RovensaNext\"]},{\"@type\":\"Person\",\"@id\":\"https:\/\/www.rovensanext-latam.com\/es-cl\/#\/schema\/person\/f6800b2bbffea2f484fcdef2665b982a\",\"name\":\"Rovensa Next Chile\",\"image\":{\"@type\":\"ImageObject\",\"inLanguage\":\"es-CL\",\"@id\":\"https:\/\/www.rovensanext-latam.com\/es-cl\/#\/schema\/person\/image\/\",\"url\":\"https:\/\/secure.gravatar.com\/avatar\/24c0ba0c718ef8e92e07f40f849ef222e45d0da0e0980522844506a210af22f8?s=96&d=mm&r=g\",\"contentUrl\":\"https:\/\/secure.gravatar.com\/avatar\/24c0ba0c718ef8e92e07f40f849ef222e45d0da0e0980522844506a210af22f8?s=96&d=mm&r=g\",\"caption\":\"Rovensa Next Chile\"},\"description\":\"Pioneros en biosoluciones para una agricultura sostenible. Ayudamos a los agricultores para que crezcan en materia de sostenibilidad desde la siembra hasta el punto de venta.\"}]}<\/script>\n<!-- \/ Yoast SEO plugin. -->","yoast_head_json":{"title":"Rovensa Next nombra a Riccardo Vanelli como Director Comercial | Rovensa Next Latam -Chile","description":"Rovensa Next nombra a Riccardo Vanelli como Director Comercial...","robots":{"index":"index","follow":"follow","max-snippet":"max-snippet:-1","max-image-preview":"max-image-preview:large","max-video-preview":"max-video-preview:-1"},"canonical":"https:\/\/www.rovensanext-latam.com\/es-cl\/noticias\/rovensa-next-nombra-a-riccardo-vanelli-como-director-comercial\/","og_locale":"es_ES","og_type":"article","og_title":"Rovensa Next nombra a Riccardo Vanelli como Director Comercial | Rovensa Next Latam -Chile","og_description":"Rovensa Next nombra a Riccardo Vanelli como Director Comercial...","og_url":"https:\/\/www.rovensanext-latam.com\/es-cl\/noticias\/rovensa-next-nombra-a-riccardo-vanelli-como-director-comercial\/","og_site_name":"Rovensa Next Latam -Chile","article_publisher":"https:\/\/www.facebook.com\/RovensaNext","article_published_time":"2024-10-01T15:36:00+00:00","og_image":[{"width":1024,"height":600,"url":"https:\/\/www.rovensanext-latam.com\/wp-content\/uploads\/2024\/10\/Riccardo-Vanelli-CCO.jpg","type":"image\/jpeg"}],"author":"Rovensa Next Chile","twitter_card":"summary_large_image","twitter_creator":"@RovensaNext","twitter_site":"@RovensaNext","twitter_misc":{"Escrito por":"Rovensa Next Chile","Tiempo estimado de lectura":"4 minutos"},"schema":{"@context":"https:\/\/schema.org","@graph":[{"@type":"NewsArticle","@id":"https:\/\/www.rovensanext-latam.com\/es-cl\/noticias\/rovensa-next-nombra-a-riccardo-vanelli-como-director-comercial\/#article","isPartOf":{"@id":"https:\/\/www.rovensanext-latam.com\/es-cl\/noticias\/rovensa-next-nombra-a-riccardo-vanelli-como-director-comercial\/"},"author":{"name":"Rovensa Next Chile","@id":"https:\/\/www.rovensanext-latam.com\/es-cl\/#\/schema\/person\/f6800b2bbffea2f484fcdef2665b982a"},"headline":"Rovensa Next nombra a Riccardo Vanelli como Director Comercial","datePublished":"2024-10-01T15:36:00+00:00","mainEntityOfPage":{"@id":"https:\/\/www.rovensanext-latam.com\/es-cl\/noticias\/rovensa-next-nombra-a-riccardo-vanelli-como-director-comercial\/"},"wordCount":708,"publisher":{"@id":"https:\/\/www.rovensanext-latam.com\/es-cl\/#organization"},"image":{"@id":"https:\/\/www.rovensanext-latam.com\/es-cl\/noticias\/rovensa-next-nombra-a-riccardo-vanelli-como-director-comercial\/#primaryimage"},"thumbnailUrl":"https:\/\/www.rovensanext-latam.com\/wp-content\/uploads\/2024\/10\/Riccardo-Vanelli-CCO.jpg","keywords":["Director Comercial","Riccardo Vanelli"],"articleSection":["Notas de Prensa","Noticias"],"inLanguage":"es-CL"},{"@type":["WebPage","ItemPage"],"@id":"https:\/\/www.rovensanext-latam.com\/es-cl\/noticias\/rovensa-next-nombra-a-riccardo-vanelli-como-director-comercial\/","url":"https:\/\/www.rovensanext-latam.com\/es-cl\/noticias\/rovensa-next-nombra-a-riccardo-vanelli-como-director-comercial\/","name":"Rovensa Next nombra a Riccardo Vanelli como Director Comercial | Rovensa Next Latam -Chile","isPartOf":{"@id":"https:\/\/www.rovensanext-latam.com\/es-cl\/#website"},"primaryImageOfPage":{"@id":"https:\/\/www.rovensanext-latam.com\/es-cl\/noticias\/rovensa-next-nombra-a-riccardo-vanelli-como-director-comercial\/#primaryimage"},"image":{"@id":"https:\/\/www.rovensanext-latam.com\/es-cl\/noticias\/rovensa-next-nombra-a-riccardo-vanelli-como-director-comercial\/#primaryimage"},"thumbnailUrl":"https:\/\/www.rovensanext-latam.com\/wp-content\/uploads\/2024\/10\/Riccardo-Vanelli-CCO.jpg","datePublished":"2024-10-01T15:36:00+00:00","description":"Rovensa Next nombra a Riccardo Vanelli como Director Comercial...","breadcrumb":{"@id":"https:\/\/www.rovensanext-latam.com\/es-cl\/noticias\/rovensa-next-nombra-a-riccardo-vanelli-como-director-comercial\/#breadcrumb"},"inLanguage":"es-CL","potentialAction":[{"@type":"ReadAction","target":["https:\/\/www.rovensanext-latam.com\/es-cl\/noticias\/rovensa-next-nombra-a-riccardo-vanelli-como-director-comercial\/"]}]},{"@type":"ImageObject","inLanguage":"es-CL","@id":"https:\/\/www.rovensanext-latam.com\/es-cl\/noticias\/rovensa-next-nombra-a-riccardo-vanelli-como-director-comercial\/#primaryimage","url":"https:\/\/www.rovensanext-latam.com\/wp-content\/uploads\/2024\/10\/Riccardo-Vanelli-CCO.jpg","contentUrl":"https:\/\/www.rovensanext-latam.com\/wp-content\/uploads\/2024\/10\/Riccardo-Vanelli-CCO.jpg","width":1024,"height":600,"caption":"Riccardo-Vanelli-CCO"},{"@type":"BreadcrumbList","@id":"https:\/\/www.rovensanext-latam.com\/es-cl\/noticias\/rovensa-next-nombra-a-riccardo-vanelli-como-director-comercial\/#breadcrumb","itemListElement":[{"@type":"ListItem","position":1,"name":"Home","item":"https:\/\/www.rovensanext-latam.com\/es-cl\/"},{"@type":"ListItem","position":2,"name":"Rovensa Next nombra a Riccardo Vanelli como Director Comercial"}]},{"@type":"WebSite","@id":"https:\/\/www.rovensanext-latam.com\/es-cl\/#website","url":"https:\/\/www.rovensanext-latam.com\/es-cl\/","name":"Rovensa Next Latam - Per\u00fa","description":"Pioneros en biosoluciones para una agricultura sostenible.","publisher":{"@id":"https:\/\/www.rovensanext-latam.com\/es-cl\/#organization"},"potentialAction":[{"@type":"SearchAction","target":{"@type":"EntryPoint","urlTemplate":"https:\/\/www.rovensanext-latam.com\/es-cl\/?s={search_term_string}"},"query-input":{"@type":"PropertyValueSpecification","valueRequired":true,"valueName":"search_term_string"}}],"inLanguage":"es-CL"},{"@type":"Organization","@id":"https:\/\/www.rovensanext-latam.com\/es-cl\/#organization","name":"Rovensa Next Latam","url":"https:\/\/www.rovensanext-latam.com\/es-cl\/","logo":{"@type":"ImageObject","inLanguage":"es-CL","@id":"https:\/\/www.rovensanext-latam.com\/es-cl\/#\/schema\/logo\/image\/","url":"http:\/\/www.rovensanext-latam.com\/wp-content\/uploads\/2023\/04\/faviconRovensa-3.png","contentUrl":"http:\/\/www.rovensanext-latam.com\/wp-content\/uploads\/2023\/04\/faviconRovensa-3.png","width":512,"height":512,"caption":"Rovensa Next Latam"},"image":{"@id":"https:\/\/www.rovensanext-latam.com\/es-cl\/#\/schema\/logo\/image\/"},"sameAs":["https:\/\/www.facebook.com\/RovensaNext","https:\/\/x.com\/RovensaNext","https:\/\/www.linkedin.com\/company\/rovensa-next\/about\/","https:\/\/www.youtube.com\/@RovensaNext"]},{"@type":"Person","@id":"https:\/\/www.rovensanext-latam.com\/es-cl\/#\/schema\/person\/f6800b2bbffea2f484fcdef2665b982a","name":"Rovensa Next Chile","image":{"@type":"ImageObject","inLanguage":"es-CL","@id":"https:\/\/www.rovensanext-latam.com\/es-cl\/#\/schema\/person\/image\/","url":"https:\/\/secure.gravatar.com\/avatar\/24c0ba0c718ef8e92e07f40f849ef222e45d0da0e0980522844506a210af22f8?s=96&d=mm&r=g","contentUrl":"https:\/\/secure.gravatar.com\/avatar\/24c0ba0c718ef8e92e07f40f849ef222e45d0da0e0980522844506a210af22f8?s=96&d=mm&r=g","caption":"Rovensa Next Chile"},"description":"Pioneros en biosoluciones para una agricultura sostenible. Ayudamos a los agricultores para que crezcan en materia de sostenibilidad desde la siembra hasta el punto de venta."}]}},"_links":{"self":[{"href":"https:\/\/www.rovensanext-latam.com\/es-cl\/wp-json\/wp\/v2\/posts\/29629","targetHints":{"allow":["GET"]}}],"collection":[{"href":"https:\/\/www.rovensanext-latam.com\/es-cl\/wp-json\/wp\/v2\/posts"}],"about":[{"href":"https:\/\/www.rovensanext-latam.com\/es-cl\/wp-json\/wp\/v2\/types\/post"}],"author":[{"embeddable":true,"href":"https:\/\/www.rovensanext-latam.com\/es-cl\/wp-json\/wp\/v2\/users\/12"}],"replies":[{"embeddable":true,"href":"https:\/\/www.rovensanext-latam.com\/es-cl\/wp-json\/wp\/v2\/comments?post=29629"}],"version-history":[{"count":0,"href":"https:\/\/www.rovensanext-latam.com\/es-cl\/wp-json\/wp\/v2\/posts\/29629\/revisions"}],"wp:featuredmedia":[{"embeddable":true,"href":"https:\/\/www.rovensanext-latam.com\/es-cl\/wp-json\/wp\/v2\/media\/29630"}],"wp:attachment":[{"href":"https:\/\/www.rovensanext-latam.com\/es-cl\/wp-json\/wp\/v2\/media?parent=29629"}],"wp:term":[{"taxonomy":"category","embeddable":true,"href":"https:\/\/www.rovensanext-latam.com\/es-cl\/wp-json\/wp\/v2\/categories?post=29629"},{"taxonomy":"post_tag","embeddable":true,"href":"https:\/\/www.rovensanext-latam.com\/es-cl\/wp-json\/wp\/v2\/tags?post=29629"}],"curies":[{"name":"wp","href":"https:\/\/api.w.org\/{rel}","templated":true}]}}